{"id":17136,"date":"2024-06-11T03:52:59","date_gmt":"2024-06-11T03:52:59","guid":{"rendered":"http:\/\/maldives-paradise.com\/?p=17136"},"modified":"2024-09-22T10:02:54","modified_gmt":"2024-09-22T10:02:54","slug":"sun-siyam-iru-veli-sun-siyam-vilu-reef-comemora-o-dia-mundial-dos-oceanos-dia-mundial-do-bem-estar","status":"publish","type":"post","link":"https:\/\/maldives-paradise.com\/pt\/2024\/06\/sun-siyam-iru-veli-sun-siyam-vilu-reef-comemora-o-dia-mundial-dos-oceanos-dia-mundial-do-bem-estar\/","title":{"rendered":"Sun Siyam Iru Veli e Sun Siyam Vilu Reef celebram o Dia Mundial dos Oceanos, Dia Global do Bem-Estar"},"content":{"rendered":"<p>Em homenagem a <strong>Dia Mundial dos Oceanos<\/strong>, Sun Siyam Iru Veli e Sun Siyam Vilu Reef organizaram uma s\u00e9rie de atividades impactantes com o objetivo de promover a conserva\u00e7\u00e3o do oceano e fomentar o engajamento da comunidade local. Esses eventos ressaltam a dedica\u00e7\u00e3o inabal\u00e1vel dos resorts em cuidar do oceano e apoiar as comunidades que atendem. Em conjunto com <strong>Dia Mundial do Bem-Estar<\/strong>Sun Siyam Iru Veli envolveu os h\u00f3spedes com uma revigorante ioga ao nascer do sol e uma animada sess\u00e3o de hidrogin\u00e1stica ao p\u00f4r do sol.<\/p>\n<p><strong>Sun Siyam Iru Veli: Plogging ao nascer do sol e visita \u00e0 Ilha Bandidhoo<\/strong><\/p>\n<p><a href=\"https:\/\/lamp.glopss.com\/SHVC\" target=\"_blank\" rel=\"nofollow noopener\"><strong>Sun Siyam Iru Veli<\/strong><\/a> come\u00e7ou o dia com um evento de plogging exclusivo ao nascer do sol, combinando corrida com limpeza de praia para promover a administra\u00e7\u00e3o ambiental e a boa forma. H\u00f3spedes e funcion\u00e1rios trabalharam juntos para coletar lixo ao longo da bela costa, garantindo que a praia permanecesse imaculada e destacando a import\u00e2ncia de a\u00e7\u00f5es individuais na preserva\u00e7\u00e3o de habitats naturais.<\/p>\n<figure id=\"attachment_25206\" aria-describedby=\"caption-attachment-25206\" style=\"width: 779px\" class=\"wp-caption alignnone\"><img loading=\"lazy\" decoding=\"async\" class=\"wp-image-25206\" src=\"https:\/\/maldives-paradise.com\/wp-content\/uploads\/2024\/06\/Sun-Siyam-Iru-Veli-overwater-villas-300x200.jpg\" alt=\"Sun Siyam Iru Veli\" width=\"779\" height=\"519\" srcset=\"https:\/\/maldives-paradise.com\/wp-content\/uploads\/2024\/06\/Sun-Siyam-Iru-Veli-overwater-villas-300x200.jpg 300w, https:\/\/maldives-paradise.com\/wp-content\/uploads\/2024\/06\/Sun-Siyam-Iru-Veli-overwater-villas-768x511.jpg 768w, https:\/\/maldives-paradise.com\/wp-content\/uploads\/2024\/06\/Sun-Siyam-Iru-Veli-overwater-villas-18x12.jpg 18w, https:\/\/maldives-paradise.com\/wp-content\/uploads\/2024\/06\/Sun-Siyam-Iru-Veli-overwater-villas-500x333.jpg 500w, https:\/\/maldives-paradise.com\/wp-content\/uploads\/2024\/06\/Sun-Siyam-Iru-Veli-overwater-villas.jpg 780w\" sizes=\"auto, (max-width: 779px) 100vw, 779px\" \/><figcaption id=\"caption-attachment-25206\" class=\"wp-caption-text\">Vilas sobre a \u00e1gua em Sun Siyam Iru Veli<\/figcaption><\/figure>\n<p>Ap\u00f3s a atividade de plogging, os participantes viajaram para a ilha vizinha de Bandidhoo. A agenda do dia incluiu uma extensa limpeza de praia, onde volunt\u00e1rios uniram for\u00e7as com moradores locais para remover detritos e restaurar a beleza costeira da ilha. A visita a Bandidhoo tamb\u00e9m contou com emocionantes atividades de esportes aqu\u00e1ticos, permitindo que os participantes aproveitassem e se conectassem com o oceano que eles est\u00e3o se esfor\u00e7ando para proteger. Uma competi\u00e7\u00e3o de reciclagem tamb\u00e9m foi realizada, envolvendo convidados e moradores locais em maneiras criativas e educacionais de reaproveitar materiais residuais. Esta competi\u00e7\u00e3o n\u00e3o apenas apresentou pr\u00e1ticas inovadoras de reciclagem, mas tamb\u00e9m aumentou a conscientiza\u00e7\u00e3o sobre a import\u00e2ncia de reduzir o impacto ambiental.<\/p>\n<figure id=\"attachment_22153\" aria-describedby=\"caption-attachment-22153\" style=\"width: 780px\" class=\"wp-caption alignnone\"><img loading=\"lazy\" decoding=\"async\" class=\"wp-image-22153\" src=\"http:\/\/maldives-paradise.com\/wp-content\/uploads\/2024\/06\/sun-siyam-vilu-reef-2-300x200.jpg\" alt=\"Recife Sun Siyam Vilu\" width=\"780\" height=\"520\" srcset=\"https:\/\/maldives-paradise.com\/wp-content\/uploads\/2024\/06\/sun-siyam-vilu-reef-2-300x200.jpg 300w, https:\/\/maldives-paradise.com\/wp-content\/uploads\/2024\/06\/sun-siyam-vilu-reef-2-768x511.jpg 768w, https:\/\/maldives-paradise.com\/wp-content\/uploads\/2024\/06\/sun-siyam-vilu-reef-2-18x12.jpg 18w, https:\/\/maldives-paradise.com\/wp-content\/uploads\/2024\/06\/sun-siyam-vilu-reef-2-500x333.jpg 500w, https:\/\/maldives-paradise.com\/wp-content\/uploads\/2024\/06\/sun-siyam-vilu-reef-2.jpg 780w\" sizes=\"auto, (max-width: 780px) 100vw, 780px\" \/><figcaption id=\"caption-attachment-22153\" class=\"wp-caption-text\">Recife Sun Siyam Vilu<\/figcaption><\/figure>\n<p><strong>Sun Siyam Vilu Reef: Limpeza de praia da Ilha Meedhoo, esportes aqu\u00e1ticos e competi\u00e7\u00e3o de arte<\/strong><\/p>\n<p>Simultaneamente, <a href=\"https:\/\/lamp.glopss.com\/SHUx\" target=\"_blank\" rel=\"nofollow noopener\"><strong>Recife Sun Siyam Vilu<\/strong><\/a> organizaram uma visita \u00e0 ilha pr\u00f3xima de Meedhoo, onde conduziram uma opera\u00e7\u00e3o abrangente de limpeza de praia. Esta iniciativa reuniu h\u00f3spedes do resort, equipe e a comunidade local em um esfor\u00e7o unificado para eliminar o lixo das margens da ilha, promovendo um ambiente mais limpo e sustent\u00e1vel.<\/p>\n<p>A visita a Meedhoo tamb\u00e9m incluiu uma variedade de atividades de esportes aqu\u00e1ticos, proporcionando uma maneira divertida e envolvente para os participantes apreciarem a beleza do oceano, ao mesmo tempo em que refor\u00e7avam a necessidade de proteg\u00ea-lo. Essas atividades promoveram uma conex\u00e3o mais profunda com o ambiente marinho e destacaram o comprometimento do resort em encorajar a conscientiza\u00e7\u00e3o ambiental por meio de experi\u00eancias agrad\u00e1veis.<\/p>\n<p>Al\u00e9m disso, o Sun Siyam Vilu Reef conduziu uma competi\u00e7\u00e3o de arte do Dia Mundial do Oceano para estudantes locais da Ilha Meedhoo. Esta competi\u00e7\u00e3o convidou jovens artistas a expressar sua criatividade e aumentar a conscientiza\u00e7\u00e3o sobre a conserva\u00e7\u00e3o do oceano por meio da arte. As obras de arte dos alunos capturaram lindamente a ess\u00eancia do oceano e ressaltaram a import\u00e2ncia de proteger os ecossistemas marinhos. Os vencedores da competi\u00e7\u00e3o receberam pr\u00eamios, motivando ainda mais os jovens a assumir um papel ativo na conserva\u00e7\u00e3o ambiental.<\/p>\n<p><strong>Sun Siyam Iru Veli celebra o Dia Mundial do Bem-Estar com ioga ao nascer do sol e hidrogin\u00e1stica<\/strong><\/p>\n<p><a href=\"https:\/\/lamp.glopss.com\/SHVC\" target=\"_blank\" rel=\"nofollow noopener\"><strong>Sun Siyam Iru Veli<\/strong><\/a> comemorou o Dia Mundial do Bem-Estar com uma s\u00e9rie de atividades revigorantes destinadas a promover o bem-estar hol\u00edstico. Os h\u00f3spedes come\u00e7aram o dia com serenos exerc\u00edcios de respira\u00e7\u00e3o ao nascer do sol na praia, seguidos por uma rejuvenescedora sess\u00e3o de Hatha yoga, ambos com o cen\u00e1rio tranquilo do nascer do sol das Maldivas. O dia terminou com uma animada sess\u00e3o de hidrogin\u00e1stica ao p\u00f4r do sol, combinando um treino divertido e energ\u00e9tico com m\u00fasica animada nas \u00e1guas cristalinas do resort. O gerente geral Masdhooq Saeed enfatizou a dedica\u00e7\u00e3o do resort ao bem-estar, destacando seu compromisso cont\u00ednuo em oferecer diversos programas e atividades de bem-estar que deixem os h\u00f3spedes se sentindo energizados e relaxados.<\/p>\n<figure id=\"attachment_25207\" aria-describedby=\"caption-attachment-25207\" style=\"width: 779px\" class=\"wp-caption alignnone\"><img loading=\"lazy\" decoding=\"async\" class=\"wp-image-25207\" src=\"https:\/\/maldives-paradise.com\/wp-content\/uploads\/2024\/06\/Sun-Siyam-Iru-Veli-300x168.jpg\" alt=\"Sun Siyam Iru Veli\" width=\"779\" height=\"436\" srcset=\"https:\/\/maldives-paradise.com\/wp-content\/uploads\/2024\/06\/Sun-Siyam-Iru-Veli-300x168.jpg 300w, https:\/\/maldives-paradise.com\/wp-content\/uploads\/2024\/06\/Sun-Siyam-Iru-Veli-768x431.jpg 768w, https:\/\/maldives-paradise.com\/wp-content\/uploads\/2024\/06\/Sun-Siyam-Iru-Veli-18x10.jpg 18w, https:\/\/maldives-paradise.com\/wp-content\/uploads\/2024\/06\/Sun-Siyam-Iru-Veli-500x281.jpg 500w, https:\/\/maldives-paradise.com\/wp-content\/uploads\/2024\/06\/Sun-Siyam-Iru-Veli.jpg 780w\" sizes=\"auto, (max-width: 779px) 100vw, 779px\" \/><figcaption id=\"caption-attachment-25207\" class=\"wp-caption-text\">Sun Siyam Iru Veli<\/figcaption><\/figure>\n<p>Ambos <a href=\"https:\/\/lamp.glopss.com\/SHVC\" target=\"_blank\" rel=\"nofollow noopener\"><strong>Sun Siyam Iru Veli<\/strong><\/a> e Sun Siyam Vilu Reef s\u00e3o dedicados \u00e0 sustentabilidade ambiental e ao envolvimento da comunidade local. Ambos os resorts visam inspirar mudan\u00e7as positivas e promover a\u00e7\u00f5es coletivas para preservar os oceanos do mundo.<\/p>\n<p>\u201cSomos apaixonados por nossos oceanos e profundamente comprometidos em nos envolver com nossas comunidades locais. Por meio dessas atividades do Dia Mundial dos Oceanos, esperamos inspirar um senso de responsabilidade e cuidado com o meio ambiente, garantindo um oceano mais saud\u00e1vel para as gera\u00e7\u00f5es futuras\u201d, disse Chaminda Upul, Gerente de Sustentabilidade do Sun Siyam Resorts.<\/p>\n<h3><a href=\"https:\/\/lamp.glopss.com\/SHVC\" target=\"_blank\" rel=\"nofollow noopener\">Reserve com o melhor pre\u00e7o no Sun Siyam Iru Veli aqui &gt;&gt;<\/a><\/h3>\n<p>Mais informa\u00e7\u00f5es sobre <a href=\"https:\/\/maldives-paradise.com\/pt\/sol-siyam-iru-veli\/\">Resort Sun Siyam Iru Veli<\/a> nas Maldivas<\/p>","protected":false},"excerpt":{"rendered":"<div class=\"mh-excerpt\">In honour of World Oceans Day, Sun Siyam Iru Veli and Sun Siyam Vilu Reef organised a series of impactful activities aimed at promoting ocean conservation and fostering local community engagement. These events underscore the <a class=\"mh-excerpt-more\" href=\"https:\/\/maldives-paradise.com\/pt\/2024\/06\/sun-siyam-iru-veli-sun-siyam-vilu-reef-comemora-o-dia-mundial-dos-oceanos-dia-mundial-do-bem-estar\/\" title=\"Sun Siyam Iru Veli and Sun Siyam Vilu Reef to celebrate World Oceans Day, Global Wellness Day\">[&#8230;]<\/a><\/div>\n","protected":false},"author":1,"featured_media":17138,"comment_status":"close","ping_status":"open","sticky":false,"template":"","format":"standard","meta":{"footnotes":""},"categories":[150],"tags":[895,197,430,448,918],"class_list":{"0":"post-17136","1":"post","2":"type-post","3":"status-publish","4":"format-standard","5":"has-post-thumbnail","7":"category-5-star-hotels-resorts","8":"tag-global-wellness-day","9":"tag-maldives-5-star-resort","10":"tag-sun-siyam-iru-veli","11":"tag-sun-siyam-vilu-reef","12":"tag-world-ocean-day"},"aioseo_notices":[],"aioseo_head":"\n\t\t<!-- All in One SEO Pro 5.0.1.1 - aioseo.com -->\n\t<meta name=\"description\" content=\"In honour of World Oceans Day, Sun Siyam Iru Veli and Sun Siyam Vilu Reef organised a series of impactful activities aimed at promoting ocean conservation and fostering local community engagement. These events underscore the resorts\u2019 unwavering dedication to caring for the ocean and supporting the communities they serve. In conjunction with Global Wellness Day,\" \/>\n\t<meta name=\"robots\" content=\"max-image-preview:large\" \/>\n\t<meta name=\"author\" content=\"admin\"\/>\n\t<link rel=\"canonical\" href=\"https:\/\/maldives-paradise.com\/en_us\/2024\/06\/sun-siyam-iru-veli-sun-siyam-vilu-reef-celebrate-world-oceans-day-global-wellness-day\/\" \/>\n\t<meta name=\"generator\" content=\"All in One SEO Pro (AIOSEO) 5.0.1.1\" \/>\n\t\t<meta property=\"og:locale\" content=\"pt_PT\" \/>\n\t\t<meta property=\"og:site_name\" content=\"Maldives Paradise - Maldives news - the best hotels, resorts with special offers and activities\" \/>\n\t\t<meta property=\"og:type\" content=\"article\" \/>\n\t\t<meta property=\"og:title\" content=\"Sun Siyam Iru Veli and Sun Siyam Vilu Reef to celebrate World Oceans Day, Global Wellness Day - Maldives Paradise\" \/>\n\t\t<meta property=\"og:description\" content=\"In honour of World Oceans Day, Sun Siyam Iru Veli and Sun Siyam Vilu Reef organised a series of impactful activities aimed at promoting ocean conservation and fostering local community engagement. These events underscore the resorts\u2019 unwavering dedication to caring for the ocean and supporting the communities they serve. In conjunction with Global Wellness Day,\" \/>\n\t\t<meta property=\"og:url\" content=\"https:\/\/maldives-paradise.com\/en_us\/2024\/06\/sun-siyam-iru-veli-sun-siyam-vilu-reef-celebrate-world-oceans-day-global-wellness-day\/\" \/>\n\t\t<meta property=\"article:published_time\" content=\"2024-06-11T03:52:59+00:00\" \/>\n\t\t<meta property=\"article:modified_time\" content=\"2024-09-22T10:02:54+00:00\" \/>\n\t\t<meta name=\"twitter:card\" content=\"summary_large_image\" \/>\n\t\t<meta name=\"twitter:title\" content=\"Sun Siyam Iru Veli and Sun Siyam Vilu Reef to celebrate World Oceans Day, Global Wellness Day - Maldives Paradise\" \/>\n\t\t<meta name=\"twitter:description\" content=\"In honour of World Oceans Day, Sun Siyam Iru Veli and Sun Siyam Vilu Reef organised a series of impactful activities aimed at promoting ocean conservation and fostering local community engagement. These events underscore the resorts\u2019 unwavering dedication to caring for the ocean and supporting the communities they serve. In conjunction with Global Wellness Day,\" \/>\n\t\t<script type=\"application\/ld+json\" class=\"aioseo-schema\">\n\t\t\t{\"@context\":\"https:\\\/\\\/schema.org\",\"@graph\":[{\"@type\":\"BlogPosting\",\"@id\":\"https:\\\/\\\/maldives-paradise.com\\\/pt\\\/2024\\\/06\\\/sun-siyam-iru-veli-sun-siyam-vilu-reef-comemora-o-dia-mundial-dos-oceanos-dia-mundial-do-bem-estar\\\/#blogposting\",\"name\":\"Sun Siyam Iru Veli and Sun Siyam Vilu Reef to celebrate World Oceans Day, Global Wellness Day - Maldives Paradise\",\"headline\":\"Sun Siyam Iru Veli and Sun Siyam Vilu Reef to celebrate World Oceans Day, Global Wellness Day\",\"author\":{\"@id\":\"https:\\\/\\\/maldives-paradise.com\\\/pt\\\/author\\\/admin\\\/#author\"},\"publisher\":{\"@id\":\"https:\\\/\\\/maldives-paradise.com\\\/pt\\\/#organization\"},\"image\":{\"@type\":\"ImageObject\",\"url\":\"https:\\\/\\\/maldives-paradise.com\\\/wp-content\\\/uploads\\\/2024\\\/06\\\/batch_DJI_0037-1024x575-1.jpg\",\"width\":1024,\"height\":575},\"datePublished\":\"2024-06-11T03:52:59+00:00\",\"dateModified\":\"2024-09-22T10:02:54+00:00\",\"inLanguage\":\"pt-PT\",\"mainEntityOfPage\":{\"@id\":\"https:\\\/\\\/maldives-paradise.com\\\/pt\\\/2024\\\/06\\\/sun-siyam-iru-veli-sun-siyam-vilu-reef-comemora-o-dia-mundial-dos-oceanos-dia-mundial-do-bem-estar\\\/#webpage\"},\"isPartOf\":{\"@id\":\"https:\\\/\\\/maldives-paradise.com\\\/pt\\\/2024\\\/06\\\/sun-siyam-iru-veli-sun-siyam-vilu-reef-comemora-o-dia-mundial-dos-oceanos-dia-mundial-do-bem-estar\\\/#webpage\"},\"articleSection\":\"5 Star Hotels &amp; Resorts, global wellness day, maldives 5 star resort, Sun Siyam Iru Veli, sun siyam vilu reef, world ocean day\"},{\"@type\":\"BreadcrumbList\",\"@id\":\"https:\\\/\\\/maldives-paradise.com\\\/pt\\\/2024\\\/06\\\/sun-siyam-iru-veli-sun-siyam-vilu-reef-comemora-o-dia-mundial-dos-oceanos-dia-mundial-do-bem-estar\\\/#breadcrumblist\",\"itemListElement\":[{\"@type\":\"ListItem\",\"@id\":\"https:\\\/\\\/maldives-paradise.com\\\/pt#listItem\",\"position\":1,\"name\":\"Home\",\"item\":\"https:\\\/\\\/maldives-paradise.com\\\/pt\",\"nextItem\":{\"@type\":\"ListItem\",\"@id\":\"https:\\\/\\\/maldives-paradise.com\\\/pt\\\/categoria\\\/resorts-de-hoteis\\\/#listItem\",\"name\":\"Hotels &amp; Resorts\"}},{\"@type\":\"ListItem\",\"@id\":\"https:\\\/\\\/maldives-paradise.com\\\/pt\\\/categoria\\\/resorts-de-hoteis\\\/#listItem\",\"position\":2,\"name\":\"Hotels &amp; Resorts\",\"item\":\"https:\\\/\\\/maldives-paradise.com\\\/pt\\\/categoria\\\/resorts-de-hoteis\\\/\",\"nextItem\":{\"@type\":\"ListItem\",\"@id\":\"https:\\\/\\\/maldives-paradise.com\\\/pt\\\/categoria\\\/resorts-de-hoteis\\\/hoteis-e-resorts-5-estrelas\\\/#listItem\",\"name\":\"5 Star Hotels &amp; Resorts\"},\"previousItem\":{\"@type\":\"ListItem\",\"@id\":\"https:\\\/\\\/maldives-paradise.com\\\/pt#listItem\",\"name\":\"Home\"}},{\"@type\":\"ListItem\",\"@id\":\"https:\\\/\\\/maldives-paradise.com\\\/pt\\\/categoria\\\/resorts-de-hoteis\\\/hoteis-e-resorts-5-estrelas\\\/#listItem\",\"position\":3,\"name\":\"5 Star Hotels &amp; Resorts\",\"item\":\"https:\\\/\\\/maldives-paradise.com\\\/pt\\\/categoria\\\/resorts-de-hoteis\\\/hoteis-e-resorts-5-estrelas\\\/\",\"nextItem\":{\"@type\":\"ListItem\",\"@id\":\"https:\\\/\\\/maldives-paradise.com\\\/pt\\\/2024\\\/06\\\/sun-siyam-iru-veli-sun-siyam-vilu-reef-comemora-o-dia-mundial-dos-oceanos-dia-mundial-do-bem-estar\\\/#listItem\",\"name\":\"Sun Siyam Iru Veli and Sun Siyam Vilu Reef to celebrate World Oceans Day, Global Wellness Day\"},\"previousItem\":{\"@type\":\"ListItem\",\"@id\":\"https:\\\/\\\/maldives-paradise.com\\\/pt\\\/categoria\\\/resorts-de-hoteis\\\/#listItem\",\"name\":\"Hotels &amp; Resorts\"}},{\"@type\":\"ListItem\",\"@id\":\"https:\\\/\\\/maldives-paradise.com\\\/pt\\\/2024\\\/06\\\/sun-siyam-iru-veli-sun-siyam-vilu-reef-comemora-o-dia-mundial-dos-oceanos-dia-mundial-do-bem-estar\\\/#listItem\",\"position\":4,\"name\":\"Sun Siyam Iru Veli and Sun Siyam Vilu Reef to celebrate World Oceans Day, Global Wellness Day\",\"previousItem\":{\"@type\":\"ListItem\",\"@id\":\"https:\\\/\\\/maldives-paradise.com\\\/pt\\\/categoria\\\/resorts-de-hoteis\\\/hoteis-e-resorts-5-estrelas\\\/#listItem\",\"name\":\"5 Star Hotels &amp; Resorts\"}}]},{\"@type\":\"Organization\",\"@id\":\"https:\\\/\\\/maldives-paradise.com\\\/pt\\\/#organization\",\"name\":\"Maldives Paradise\",\"description\":\"Maldives news - the best hotels, resorts with special offers and activities\",\"url\":\"https:\\\/\\\/maldives-paradise.com\\\/pt\\\/\",\"telephone\":\"+34669807133\"},{\"@type\":\"Person\",\"@id\":\"https:\\\/\\\/maldives-paradise.com\\\/pt\\\/author\\\/admin\\\/#author\",\"url\":\"https:\\\/\\\/maldives-paradise.com\\\/pt\\\/author\\\/admin\\\/\",\"name\":\"admin\",\"image\":{\"@type\":\"ImageObject\",\"@id\":\"https:\\\/\\\/maldives-paradise.com\\\/pt\\\/2024\\\/06\\\/sun-siyam-iru-veli-sun-siyam-vilu-reef-comemora-o-dia-mundial-dos-oceanos-dia-mundial-do-bem-estar\\\/#authorImage\",\"url\":\"https:\\\/\\\/secure.gravatar.com\\\/avatar\\\/925d4a01ebcd6ceeeda7fc372c303776056dc497f242e072dc10f3baeee4fca4?s=96&d=mm&r=g\",\"width\":96,\"height\":96,\"caption\":\"admin\"}},{\"@type\":\"WebPage\",\"@id\":\"https:\\\/\\\/maldives-paradise.com\\\/pt\\\/2024\\\/06\\\/sun-siyam-iru-veli-sun-siyam-vilu-reef-comemora-o-dia-mundial-dos-oceanos-dia-mundial-do-bem-estar\\\/#webpage\",\"url\":\"https:\\\/\\\/maldives-paradise.com\\\/pt\\\/2024\\\/06\\\/sun-siyam-iru-veli-sun-siyam-vilu-reef-comemora-o-dia-mundial-dos-oceanos-dia-mundial-do-bem-estar\\\/\",\"name\":\"Sun Siyam Iru Veli and Sun Siyam Vilu Reef to celebrate World Oceans Day, Global Wellness Day - Maldives Paradise\",\"description\":\"In honour of World Oceans Day, Sun Siyam Iru Veli and Sun Siyam Vilu Reef organised a series of impactful activities aimed at promoting ocean conservation and fostering local community engagement. These events underscore the resorts\\u2019 unwavering dedication to caring for the ocean and supporting the communities they serve. In conjunction with Global Wellness Day,\",\"inLanguage\":\"pt-PT\",\"isPartOf\":{\"@id\":\"https:\\\/\\\/maldives-paradise.com\\\/pt\\\/#website\"},\"breadcrumb\":{\"@id\":\"https:\\\/\\\/maldives-paradise.com\\\/pt\\\/2024\\\/06\\\/sun-siyam-iru-veli-sun-siyam-vilu-reef-comemora-o-dia-mundial-dos-oceanos-dia-mundial-do-bem-estar\\\/#breadcrumblist\"},\"author\":{\"@id\":\"https:\\\/\\\/maldives-paradise.com\\\/pt\\\/author\\\/admin\\\/#author\"},\"creator\":{\"@id\":\"https:\\\/\\\/maldives-paradise.com\\\/pt\\\/author\\\/admin\\\/#author\"},\"image\":{\"@type\":\"ImageObject\",\"url\":\"https:\\\/\\\/maldives-paradise.com\\\/wp-content\\\/uploads\\\/2024\\\/06\\\/batch_DJI_0037-1024x575-1.jpg\",\"@id\":\"https:\\\/\\\/maldives-paradise.com\\\/pt\\\/2024\\\/06\\\/sun-siyam-iru-veli-sun-siyam-vilu-reef-comemora-o-dia-mundial-dos-oceanos-dia-mundial-do-bem-estar\\\/#mainImage\",\"width\":1024,\"height\":575},\"primaryImageOfPage\":{\"@id\":\"https:\\\/\\\/maldives-paradise.com\\\/pt\\\/2024\\\/06\\\/sun-siyam-iru-veli-sun-siyam-vilu-reef-comemora-o-dia-mundial-dos-oceanos-dia-mundial-do-bem-estar\\\/#mainImage\"},\"datePublished\":\"2024-06-11T03:52:59+00:00\",\"dateModified\":\"2024-09-22T10:02:54+00:00\"},{\"@type\":\"WebSite\",\"@id\":\"https:\\\/\\\/maldives-paradise.com\\\/pt\\\/#website\",\"url\":\"https:\\\/\\\/maldives-paradise.com\\\/pt\\\/\",\"name\":\"Maldives-Paradise.com\",\"description\":\"Maldives news - the best hotels, resorts with special offers and activities\",\"inLanguage\":\"pt-PT\",\"publisher\":{\"@id\":\"https:\\\/\\\/maldives-paradise.com\\\/pt\\\/#organization\"}}]}\n\t\t<\/script>\n\t\t<!-- All in One SEO Pro -->\r\n\t\t<title>Sun Siyam Iru Veli and Sun Siyam Vilu Reef to celebrate World Oceans Day, Global Wellness Day - Maldives Paradise<\/title>\n\n","aioseo_head_json":{"title":"Sun Siyam Iru Veli e Sun Siyam Vilu Reef para celebrar o Dia Mundial dos Oceanos, Dia Mundial do Bem-Estar - Maldives Paradise","description":"Em homenagem ao Dia Mundial dos Oceanos, o Sun Siyam Iru Veli e o Sun Siyam Vilu Reef organizaram uma s\u00e9rie de atividades impactantes com o objetivo de promover a conserva\u00e7\u00e3o dos oceanos e fomentar o engajamento da comunidade local. Esses eventos ressaltam a dedica\u00e7\u00e3o inabal\u00e1vel dos resorts em cuidar do oceano e apoiar as comunidades que atendem. Em conjunto com o Dia Mundial do Bem-Estar,","canonical_url":"https:\/\/maldives-paradise.com\/en_us\/2024\/06\/sun-siyam-iru-veli-sun-siyam-vilu-reef-celebrate-world-oceans-day-global-wellness-day\/","robots":"max-image-preview:large","keywords":"","webmasterTools":{"miscellaneous":""},"schema":{"@context":"https:\/\/schema.org","@graph":[{"@type":"BlogPosting","@id":"https:\/\/maldives-paradise.com\/pt\/2024\/06\/sun-siyam-iru-veli-sun-siyam-vilu-reef-comemora-o-dia-mundial-dos-oceanos-dia-mundial-do-bem-estar\/#blogposting","name":"Sun Siyam Iru Veli and Sun Siyam Vilu Reef to celebrate World Oceans Day, Global Wellness Day - Maldives Paradise","headline":"Sun Siyam Iru Veli and Sun Siyam Vilu Reef to celebrate World Oceans Day, Global Wellness Day","author":{"@id":"https:\/\/maldives-paradise.com\/pt\/author\/admin\/#author"},"publisher":{"@id":"https:\/\/maldives-paradise.com\/pt\/#organization"},"image":{"@type":"ImageObject","url":"https:\/\/maldives-paradise.com\/wp-content\/uploads\/2024\/06\/batch_DJI_0037-1024x575-1.jpg","width":1024,"height":575},"datePublished":"2024-06-11T03:52:59+00:00","dateModified":"2024-09-22T10:02:54+00:00","inLanguage":"pt-PT","mainEntityOfPage":{"@id":"https:\/\/maldives-paradise.com\/pt\/2024\/06\/sun-siyam-iru-veli-sun-siyam-vilu-reef-comemora-o-dia-mundial-dos-oceanos-dia-mundial-do-bem-estar\/#webpage"},"isPartOf":{"@id":"https:\/\/maldives-paradise.com\/pt\/2024\/06\/sun-siyam-iru-veli-sun-siyam-vilu-reef-comemora-o-dia-mundial-dos-oceanos-dia-mundial-do-bem-estar\/#webpage"},"articleSection":"5 Star Hotels &amp; Resorts, global wellness day, maldives 5 star resort, Sun Siyam Iru Veli, sun siyam vilu reef, world ocean day"},{"@type":"BreadcrumbList","@id":"https:\/\/maldives-paradise.com\/pt\/2024\/06\/sun-siyam-iru-veli-sun-siyam-vilu-reef-comemora-o-dia-mundial-dos-oceanos-dia-mundial-do-bem-estar\/#breadcrumblist","itemListElement":[{"@type":"ListItem","@id":"https:\/\/maldives-paradise.com\/pt#listItem","position":1,"name":"Home","item":"https:\/\/maldives-paradise.com\/pt","nextItem":{"@type":"ListItem","@id":"https:\/\/maldives-paradise.com\/pt\/categoria\/resorts-de-hoteis\/#listItem","name":"Hotels &amp; Resorts"}},{"@type":"ListItem","@id":"https:\/\/maldives-paradise.com\/pt\/categoria\/resorts-de-hoteis\/#listItem","position":2,"name":"Hotels &amp; Resorts","item":"https:\/\/maldives-paradise.com\/pt\/categoria\/resorts-de-hoteis\/","nextItem":{"@type":"ListItem","@id":"https:\/\/maldives-paradise.com\/pt\/categoria\/resorts-de-hoteis\/hoteis-e-resorts-5-estrelas\/#listItem","name":"5 Star Hotels &amp; Resorts"},"previousItem":{"@type":"ListItem","@id":"https:\/\/maldives-paradise.com\/pt#listItem","name":"Home"}},{"@type":"ListItem","@id":"https:\/\/maldives-paradise.com\/pt\/categoria\/resorts-de-hoteis\/hoteis-e-resorts-5-estrelas\/#listItem","position":3,"name":"5 Star Hotels &amp; Resorts","item":"https:\/\/maldives-paradise.com\/pt\/categoria\/resorts-de-hoteis\/hoteis-e-resorts-5-estrelas\/","nextItem":{"@type":"ListItem","@id":"https:\/\/maldives-paradise.com\/pt\/2024\/06\/sun-siyam-iru-veli-sun-siyam-vilu-reef-comemora-o-dia-mundial-dos-oceanos-dia-mundial-do-bem-estar\/#listItem","name":"Sun Siyam Iru Veli and Sun Siyam Vilu Reef to celebrate World Oceans Day, Global Wellness Day"},"previousItem":{"@type":"ListItem","@id":"https:\/\/maldives-paradise.com\/pt\/categoria\/resorts-de-hoteis\/#listItem","name":"Hotels &amp; Resorts"}},{"@type":"ListItem","@id":"https:\/\/maldives-paradise.com\/pt\/2024\/06\/sun-siyam-iru-veli-sun-siyam-vilu-reef-comemora-o-dia-mundial-dos-oceanos-dia-mundial-do-bem-estar\/#listItem","position":4,"name":"Sun Siyam Iru Veli and Sun Siyam Vilu Reef to celebrate World Oceans Day, Global Wellness Day","previousItem":{"@type":"ListItem","@id":"https:\/\/maldives-paradise.com\/pt\/categoria\/resorts-de-hoteis\/hoteis-e-resorts-5-estrelas\/#listItem","name":"5 Star Hotels &amp; Resorts"}}]},{"@type":"Organization","@id":"https:\/\/maldives-paradise.com\/pt\/#organization","name":"Maldives Paradise","description":"Maldives news - the best hotels, resorts with special offers and activities","url":"https:\/\/maldives-paradise.com\/pt\/","telephone":"+34669807133"},{"@type":"Person","@id":"https:\/\/maldives-paradise.com\/pt\/author\/admin\/#author","url":"https:\/\/maldives-paradise.com\/pt\/author\/admin\/","name":"admin","image":{"@type":"ImageObject","@id":"https:\/\/maldives-paradise.com\/pt\/2024\/06\/sun-siyam-iru-veli-sun-siyam-vilu-reef-comemora-o-dia-mundial-dos-oceanos-dia-mundial-do-bem-estar\/#authorImage","url":"https:\/\/secure.gravatar.com\/avatar\/925d4a01ebcd6ceeeda7fc372c303776056dc497f242e072dc10f3baeee4fca4?s=96&d=mm&r=g","width":96,"height":96,"caption":"admin"}},{"@type":"WebPage","@id":"https:\/\/maldives-paradise.com\/pt\/2024\/06\/sun-siyam-iru-veli-sun-siyam-vilu-reef-comemora-o-dia-mundial-dos-oceanos-dia-mundial-do-bem-estar\/#webpage","url":"https:\/\/maldives-paradise.com\/pt\/2024\/06\/sun-siyam-iru-veli-sun-siyam-vilu-reef-comemora-o-dia-mundial-dos-oceanos-dia-mundial-do-bem-estar\/","name":"Sun Siyam Iru Veli and Sun Siyam Vilu Reef to celebrate World Oceans Day, Global Wellness Day - Maldives Paradise","description":"In honour of World Oceans Day, Sun Siyam Iru Veli and Sun Siyam Vilu Reef organised a series of impactful activities aimed at promoting ocean conservation and fostering local community engagement. These events underscore the resorts\u2019 unwavering dedication to caring for the ocean and supporting the communities they serve. In conjunction with Global Wellness Day,","inLanguage":"pt-PT","isPartOf":{"@id":"https:\/\/maldives-paradise.com\/pt\/#website"},"breadcrumb":{"@id":"https:\/\/maldives-paradise.com\/pt\/2024\/06\/sun-siyam-iru-veli-sun-siyam-vilu-reef-comemora-o-dia-mundial-dos-oceanos-dia-mundial-do-bem-estar\/#breadcrumblist"},"author":{"@id":"https:\/\/maldives-paradise.com\/pt\/author\/admin\/#author"},"creator":{"@id":"https:\/\/maldives-paradise.com\/pt\/author\/admin\/#author"},"image":{"@type":"ImageObject","url":"https:\/\/maldives-paradise.com\/wp-content\/uploads\/2024\/06\/batch_DJI_0037-1024x575-1.jpg","@id":"https:\/\/maldives-paradise.com\/pt\/2024\/06\/sun-siyam-iru-veli-sun-siyam-vilu-reef-comemora-o-dia-mundial-dos-oceanos-dia-mundial-do-bem-estar\/#mainImage","width":1024,"height":575},"primaryImageOfPage":{"@id":"https:\/\/maldives-paradise.com\/pt\/2024\/06\/sun-siyam-iru-veli-sun-siyam-vilu-reef-comemora-o-dia-mundial-dos-oceanos-dia-mundial-do-bem-estar\/#mainImage"},"datePublished":"2024-06-11T03:52:59+00:00","dateModified":"2024-09-22T10:02:54+00:00"},{"@type":"WebSite","@id":"https:\/\/maldives-paradise.com\/pt\/#website","url":"https:\/\/maldives-paradise.com\/pt\/","name":"Maldives-Paradise.com","description":"Maldives news - the best hotels, resorts with special offers and activities","inLanguage":"pt-PT","publisher":{"@id":"https:\/\/maldives-paradise.com\/pt\/#organization"}}]},"og:locale":"pt_PT","og:site_name":"Maldives Paradise - Maldives news - the best hotels, resorts with special offers and activities","og:type":"article","og:title":"Sun Siyam Iru Veli and Sun Siyam Vilu Reef to celebrate World Oceans Day, Global Wellness Day - Maldives Paradise","og:description":"In honour of World Oceans Day, Sun Siyam Iru Veli and Sun Siyam Vilu Reef organised a series of impactful activities aimed at promoting ocean conservation and fostering local community engagement. These events underscore the resorts\u2019 unwavering dedication to caring for the ocean and supporting the communities they serve. In conjunction with Global Wellness Day,","og:url":"https:\/\/maldives-paradise.com\/en_us\/2024\/06\/sun-siyam-iru-veli-sun-siyam-vilu-reef-celebrate-world-oceans-day-global-wellness-day\/","article:published_time":"2024-06-11T03:52:59+00:00","article:modified_time":"2024-09-22T10:02:54+00:00","twitter:card":"summary_large_image","twitter:title":"Sun Siyam Iru Veli and Sun Siyam Vilu Reef to celebrate World Oceans Day, Global Wellness Day - Maldives Paradise","twitter:description":"In honour of World Oceans Day, Sun Siyam Iru Veli and Sun Siyam Vilu Reef organised a series of impactful activities aimed at promoting ocean conservation and fostering local community engagement. These events underscore the resorts\u2019 unwavering dedication to caring for the ocean and supporting the communities they serve. In conjunction with Global Wellness Day,"},"aioseo_meta_data":{"post_id":"17136","title":null,"description":null,"keywords":null,"keyphrases":{"focus":{"keyphrase":"Sun Siyam Iru Veli","score":100,"analysis":{"keyphraseInTitle":{"score":9,"maxScore":9,"error":0},"keyphraseInDescription":{"score":9,"maxScore":9,"error":0},"keyphraseLength":{"score":9,"maxScore":9,"error":0,"length":4},"keyphraseInURL":{"score":5,"maxScore":5,"error":0},"keyphraseInIntroduction":{"score":9,"maxScore":9,"error":0},"keyphraseInSubHeadings":{"score":9,"maxScore":9,"error":0},"keyphraseInImageAlt":{"score":9,"maxScore":9,"error":0},"keywordDensity":{"type":"best","score":9,"maxScore":9,"error":0}}},"additional":[]},"primary_term":null,"canonical_url":"https:\/\/maldives-paradise.com\/en_us\/2024\/06\/sun-siyam-iru-veli-sun-siyam-vilu-reef-celebrate-world-oceans-day-global-wellness-day\/","og_title":null,"og_description":null,"og_object_type":"default","og_image_type":"default","og_image_url":null,"og_image_width":null,"og_image_height":null,"og_image_custom_url":null,"og_image_custom_fields":null,"og_video":"","og_custom_url":null,"og_article_section":null,"og_article_tags":null,"twitter_use_og":false,"twitter_card":"default","twitter_image_type":"default","twitter_image_url":null,"twitter_image_custom_url":null,"twitter_image_custom_fields":null,"twitter_title":null,"twitter_description":null,"schema":{"blockGraphs":[],"customGraphs":[],"default":{"data":{"Article":[],"Course":[],"Dataset":[],"FAQPage":[],"Movie":[],"Person":[],"Product":[],"ProductReview":[],"Car":[],"Recipe":[],"Service":[],"SoftwareApplication":[],"WebPage":[]},"graphName":"BlogPosting","isEnabled":true},"graphs":[]},"schema_type":"default","schema_type_options":null,"pillar_content":false,"robots_default":true,"robots_noindex":false,"robots_noarchive":false,"robots_nosnippet":false,"robots_nofollow":false,"robots_noimageindex":false,"robots_noodp":false,"robots_notranslate":false,"robots_max_snippet":"-1","robots_max_videopreview":"-1","robots_max_imagepreview":"large","priority":null,"frequency":"default","local_seo":null,"seo_analyzer_scan_date":"2026-05-13 05:49:50","breadcrumb_settings":null,"limit_modified_date":false,"reviewed_by":null,"open_ai":"{\"title\":{\"suggestions\":[],\"usage\":0},\"description\":{\"suggestions\":[],\"usage\":0}}","ai":null,"created":"2024-06-11 04:20:11","updated":"2026-05-13 05:49:50","focus_keyword":"Sun Siyam Iru Veli","additional_keywords":null,"truseo_locale":null},"aioseo_breadcrumb":"<div class=\"aioseo-breadcrumbs\"><span class=\"aioseo-breadcrumb\">\n\t<a href=\"https:\/\/maldives-paradise.com\/pt\" title=\"Home\">Home<\/a>\n<\/span><span class=\"aioseo-breadcrumb-separator\">\u00bb<\/span><span class=\"aioseo-breadcrumb\">\n\t<a href=\"https:\/\/maldives-paradise.com\/pt\/categoria\/resorts-de-hoteis\/\" title=\"Hotels &amp; Resorts\">Hotels &amp; Resorts<\/a>\n<\/span><span class=\"aioseo-breadcrumb-separator\">\u00bb<\/span><span class=\"aioseo-breadcrumb\">\n\t<a href=\"https:\/\/maldives-paradise.com\/pt\/categoria\/resorts-de-hoteis\/hoteis-e-resorts-5-estrelas\/\" title=\"5 Star Hotels &amp; Resorts\">5 Star Hotels &amp; Resorts<\/a>\n<\/span><span class=\"aioseo-breadcrumb-separator\">\u00bb<\/span><span class=\"aioseo-breadcrumb\">\n\tSun Siyam Iru Veli and Sun Siyam Vilu Reef to celebrate World Oceans Day, Global Wellness Day\n<\/span><\/div>","aioseo_breadcrumb_json":[{"label":"Home","link":"https:\/\/maldives-paradise.com\/pt"},{"label":"Hotels &amp; Resorts","link":"https:\/\/maldives-paradise.com\/pt\/categoria\/resorts-de-hoteis\/"},{"label":"5 Star Hotels &amp; Resorts","link":"https:\/\/maldives-paradise.com\/pt\/categoria\/resorts-de-hoteis\/hoteis-e-resorts-5-estrelas\/"},{"label":"Sun Siyam Iru Veli and Sun Siyam Vilu Reef to celebrate World Oceans Day, Global Wellness Day","link":"https:\/\/maldives-paradise.com\/pt\/2024\/06\/sun-siyam-iru-veli-sun-siyam-vilu-reef-comemora-o-dia-mundial-dos-oceanos-dia-mundial-do-bem-estar\/"}],"_links":{"self":[{"href":"https:\/\/maldives-paradise.com\/pt\/wp-json\/wp\/v2\/posts\/17136","targetHints":{"allow":["GET"]}}],"collection":[{"href":"https:\/\/maldives-paradise.com\/pt\/wp-json\/wp\/v2\/posts"}],"about":[{"href":"https:\/\/maldives-paradise.com\/pt\/wp-json\/wp\/v2\/types\/post"}],"author":[{"embeddable":true,"href":"https:\/\/maldives-paradise.com\/pt\/wp-json\/wp\/v2\/users\/1"}],"replies":[{"embeddable":true,"href":"https:\/\/maldives-paradise.com\/pt\/wp-json\/wp\/v2\/comments?post=17136"}],"version-history":[{"count":5,"href":"https:\/\/maldives-paradise.com\/pt\/wp-json\/wp\/v2\/posts\/17136\/revisions"}],"predecessor-version":[{"id":25208,"href":"https:\/\/maldives-paradise.com\/pt\/wp-json\/wp\/v2\/posts\/17136\/revisions\/25208"}],"wp:featuredmedia":[{"embeddable":true,"href":"https:\/\/maldives-paradise.com\/pt\/wp-json\/wp\/v2\/media\/17138"}],"wp:attachment":[{"href":"https:\/\/maldives-paradise.com\/pt\/wp-json\/wp\/v2\/media?parent=17136"}],"wp:term":[{"taxonomy":"category","embeddable":true,"href":"https:\/\/maldives-paradise.com\/pt\/wp-json\/wp\/v2\/categories?post=17136"},{"taxonomy":"post_tag","embeddable":true,"href":"https:\/\/maldives-paradise.com\/pt\/wp-json\/wp\/v2\/tags?post=17136"}],"curies":[{"name":"wp","href":"https:\/\/api.w.org\/{rel}","templated":true}]}}