{"id":42652,"date":"2025-10-02T13:08:29","date_gmt":"2025-10-02T13:08:29","guid":{"rendered":"https:\/\/maldives-paradise.com\/?p=42652"},"modified":"2025-10-18T12:34:43","modified_gmt":"2025-10-18T12:34:43","slug":"sun-siyam-vilu-reef-er-vaert-for-ocean-odysseys-festlige-kalender","status":"publish","type":"post","link":"https:\/\/maldives-paradise.com\/da\/2025\/10\/sun-siyam-vilu-reef-er-vaert-for-ocean-odysseys-festlige-kalender\/","title":{"rendered":"Sun Siyam Vilu Reef er v\u00e6rt for den festlige kalender &#039;Ocean Odyssey&#039;"},"content":{"rendered":"<p><a href=\"https:\/\/lamp.glopss.com\/SHUx\" target=\"_blank\" rel=\"noopener sponsored\"><strong>Sun Siyam Vilu Reef<\/strong><\/a> har annonceret sit festprogram, <strong>Ocean Odyssey \u2013 Festligt 2025<\/strong>, som vil l\u00f8be fra <strong>22. december 2025 til 5. januar 2026<\/strong>. Festlighederne vil byde p\u00e5 en r\u00e6kke forestillinger og aktiviteter, herunder <strong>ILD- og LED-danseshows, mavedansoptr\u00e6dener, festlige begivenheder og s\u00e6rlige tilbud<\/strong> designet til at skabe en mindev\u00e6rdig \u00f8-flugt.<\/p>\n<p>Par vil kunne nyde eksklusive spa-rabatter, der tilbyder et intimt retreat i ferieperioden. G\u00e6sterne vil ogs\u00e5 have mulighed for at deltage i en <strong>S\u00e6rlig spa-lodtr\u00e6kning og en stor nyt\u00e5rsaften-lodtr\u00e6kning<\/strong>, med pr\u00e6mier, der skal markere ankomsten af 2026 med stil.<\/p>\n<figure id=\"attachment_22149\" aria-describedby=\"caption-attachment-22149\" style=\"width: 780px\" class=\"wp-caption alignnone\"><img loading=\"lazy\" decoding=\"async\" class=\"wp-image-22149\" src=\"https:\/\/maldives-paradise.com\/wp-content\/uploads\/2024\/06\/sun-siyam-vilu-reef-beach-villa-300x200.jpg\" alt=\"Sun Siyam Vilu Reef\" width=\"780\" height=\"520\" srcset=\"https:\/\/maldives-paradise.com\/wp-content\/uploads\/2024\/06\/sun-siyam-vilu-reef-beach-villa-300x200.jpg 300w, https:\/\/maldives-paradise.com\/wp-content\/uploads\/2024\/06\/sun-siyam-vilu-reef-beach-villa-768x511.jpg 768w, https:\/\/maldives-paradise.com\/wp-content\/uploads\/2024\/06\/sun-siyam-vilu-reef-beach-villa-18x12.jpg 18w, https:\/\/maldives-paradise.com\/wp-content\/uploads\/2024\/06\/sun-siyam-vilu-reef-beach-villa-500x333.jpg 500w, https:\/\/maldives-paradise.com\/wp-content\/uploads\/2024\/06\/sun-siyam-vilu-reef-beach-villa.jpg 780w\" sizes=\"auto, (max-width: 780px) 100vw, 780px\" \/><figcaption id=\"caption-attachment-22149\" class=\"wp-caption-text\">Sun Siyam Vilu Reef<\/figcaption><\/figure>\n<p>For dem, der s\u00f8ger eventyr, vil det festlige program inkludere rabatter p\u00e5 et udvalg af signaturoplevelser. Disse vil sp\u00e6nde fra <strong>Double Action Safari \u2014 en chance for at m\u00f8de b\u00e5de hvalhajer og dj\u00e6vlerokker \u2014 til jetcar-ture p\u00e5 tv\u00e6rs af lagunen<\/strong>. G\u00e6ster, der \u00f8nsker at udforske under overfladen, vil ogs\u00e5 have adgang til nedsatte priser.\u2018<strong>Pr\u00f8v dykning<\/strong>\u2019&#039;sessioner, der giver begyndere en introduktion til dykning.<\/p>\n<p>B\u00f8rn vil kunne deltage i dedikerede aktiviteter s\u00e5som ansigtsmaling, kokosbladskunst og madlavningskurser, hvilket sikrer, at de yngre g\u00e6ster ogs\u00e5 f\u00e5r en mindev\u00e6rdig ferie.<\/p>\n<p>Med naturlige omgivelser og et program, der kombinerer underholdning, unikke oplevelser og s\u00e6sonbestemte festligheder, forbereder Sun Siyam Vilu Reef sig p\u00e5 at byde g\u00e6ster velkommen til en unik feries\u00e6son p\u00e5 Maldiverne.<\/p>\n<p><strong><a title=\"Sun Siyam Vilu Reef\" href=\"https:\/\/lamp.glopss.com\/SHUx\" target=\"blanc3\" rel=\"nofollow\">Tjek tilg\u00e6ngelighed og bedste pris p\u00e5 Sun Siyam Vilu Reef &gt;&gt;<\/a><\/strong><\/p>\n<p><a href=\"https:\/\/maldives-paradise.com\/da\/sun-siyam-vilu-rev\/\">Mere information om Sun Siyam Vilu Reef<\/a><\/p>\n<figure id=\"attachment_22156\" aria-describedby=\"caption-attachment-22156\" style=\"width: 779px\" class=\"wp-caption alignnone\"><img loading=\"lazy\" decoding=\"async\" class=\"wp-image-22156\" src=\"https:\/\/maldives-paradise.com\/wp-content\/uploads\/2024\/03\/sun-siyam-vilu-reef-3-300x200.jpg\" alt=\"Sun Siyam Vilu Reef\" width=\"779\" height=\"519\" srcset=\"https:\/\/maldives-paradise.com\/wp-content\/uploads\/2024\/03\/sun-siyam-vilu-reef-3-300x200.jpg 300w, https:\/\/maldives-paradise.com\/wp-content\/uploads\/2024\/03\/sun-siyam-vilu-reef-3-768x511.jpg 768w, https:\/\/maldives-paradise.com\/wp-content\/uploads\/2024\/03\/sun-siyam-vilu-reef-3-18x12.jpg 18w, https:\/\/maldives-paradise.com\/wp-content\/uploads\/2024\/03\/sun-siyam-vilu-reef-3-500x333.jpg 500w, https:\/\/maldives-paradise.com\/wp-content\/uploads\/2024\/03\/sun-siyam-vilu-reef-3.jpg 780w\" sizes=\"auto, (max-width: 779px) 100vw, 779px\" \/><figcaption id=\"caption-attachment-22156\" class=\"wp-caption-text\">Sun Siyam Vilu Reef<\/figcaption><\/figure>","protected":false},"excerpt":{"rendered":"<div class=\"mh-excerpt\">Sun Siyam Vilu Reef has announced its festive programme, Ocean Odyssey \u2013 Festive 2025, which will run from 22 December 2025 to 5 January 2026. The celebrations will feature a series of performances and activities, <a class=\"mh-excerpt-more\" href=\"https:\/\/maldives-paradise.com\/da\/2025\/10\/sun-siyam-vilu-reef-er-vaert-for-ocean-odysseys-festlige-kalender\/\" title=\"Sun Siyam Vilu Reef to host \u2018Ocean Odyssey\u2019 festive calendar\">[&#8230;]<\/a><\/div>\n","protected":false},"author":1,"featured_media":42654,"comment_status":"close","ping_status":"open","sticky":false,"template":"","format":"standard","meta":{"footnotes":""},"categories":[150],"tags":[1520,448,205],"class_list":{"0":"post-42652","1":"post","2":"type-post","3":"status-publish","4":"format-standard","5":"has-post-thumbnail","7":"category-5-star-hotels-resorts","8":"tag-festive-calender-maldives","9":"tag-sun-siyam-vilu-reef","10":"tag-wine-and-dine-maldives"},"aioseo_notices":[],"_links":{"self":[{"href":"https:\/\/maldives-paradise.com\/da\/wp-json\/wp\/v2\/posts\/42652","targetHints":{"allow":["GET"]}}],"collection":[{"href":"https:\/\/maldives-paradise.com\/da\/wp-json\/wp\/v2\/posts"}],"about":[{"href":"https:\/\/maldives-paradise.com\/da\/wp-json\/wp\/v2\/types\/post"}],"author":[{"embeddable":true,"href":"https:\/\/maldives-paradise.com\/da\/wp-json\/wp\/v2\/users\/1"}],"replies":[{"embeddable":true,"href":"https:\/\/maldives-paradise.com\/da\/wp-json\/wp\/v2\/comments?post=42652"}],"version-history":[{"count":3,"href":"https:\/\/maldives-paradise.com\/da\/wp-json\/wp\/v2\/posts\/42652\/revisions"}],"predecessor-version":[{"id":43825,"href":"https:\/\/maldives-paradise.com\/da\/wp-json\/wp\/v2\/posts\/42652\/revisions\/43825"}],"wp:featuredmedia":[{"embeddable":true,"href":"https:\/\/maldives-paradise.com\/da\/wp-json\/wp\/v2\/media\/42654"}],"wp:attachment":[{"href":"https:\/\/maldives-paradise.com\/da\/wp-json\/wp\/v2\/media?parent=42652"}],"wp:term":[{"taxonomy":"category","embeddable":true,"href":"https:\/\/maldives-paradise.com\/da\/wp-json\/wp\/v2\/categories?post=42652"},{"taxonomy":"post_tag","embeddable":true,"href":"https:\/\/maldives-paradise.com\/da\/wp-json\/wp\/v2\/tags?post=42652"}],"curies":[{"name":"wp","href":"https:\/\/api.w.org\/{rel}","templated":true}]}}