{"id":16389,"date":"2024-05-31T12:44:00","date_gmt":"2024-05-31T12:44:00","guid":{"rendered":"http:\/\/maldives-paradise.com\/?p=16389"},"modified":"2024-07-28T06:59:12","modified_gmt":"2024-07-28T06:59:12","slug":"canareef-resort-maldives-celebre-la-semaine-de-sensibilisation-a-lenvironnement","status":"publish","type":"post","link":"http:\/\/maldives-paradise.com\/fr\/2024\/05\/canareef-resort-maldives-celebre-la-semaine-de-sensibilisation-a-lenvironnement\/","title":{"rendered":"Canareef Resort Maldives c\u00e9l\u00e8brera la Semaine de la sensibilisation \u00e0 l&#039;environnement en juin"},"content":{"rendered":"<p>Dans un monde o\u00f9 les questions environnementales sont au premier plan des pr\u00e9occupations mondiales, <a href=\"http:\/\/lamp.glopss.com\/SHU2\" target=\"_blank\" rel=\"nofollow noopener\"><strong>Canareef Resort Maldives<\/strong> <\/a>Le Canareef Resort Maldives est un mod\u00e8le de responsabilit\u00e9 environnementale et de d\u00e9veloppement durable. Dans le cadre de son engagement continu en faveur de la protection de la plan\u00e8te, le Canareef Resort Maldives a annonc\u00e9 une Semaine de sensibilisation \u00e0 l&#039;environnement avec un programme d&#039;activit\u00e9s comm\u00e9morant des journ\u00e9es environnementales importantes tout au long de la semaine \u00e0 venir.<\/p>\n<p>En partenariat avec la compagnie a\u00e9rienne nationale des Maldives, Maldivian, et le c\u00e9l\u00e8bre d\u00e9fenseur de l&#039;environnement des Maldives, Saazu Saeed, Canareef a organis\u00e9 une s\u00e9rie d&#039;\u00e9v\u00e9nements passionnants et marquants du 1er au 8 juin. Rejoignez le complexe h\u00f4telier pour comm\u00e9morer ces journ\u00e9es environnementales importantes et contribuer \u00e0 la pr\u00e9servation de notre belle plan\u00e8te. <\/p>\n<figure id=\"attachment_20305\" aria-describedby=\"caption-attachment-20305\" style=\"width: 780px\" class=\"wp-caption alignnone\"><img loading=\"lazy\" decoding=\"async\" class=\"wp-image-20305\" src=\"http:\/\/maldives-paradise.com\/wp-content\/uploads\/2024\/05\/coral-reef-300x225.jpg\" alt=\"R\u00e9cif de corail \u00e0 Canareef\" width=\"780\" height=\"585\" srcset=\"https:\/\/maldives-paradise.com\/wp-content\/uploads\/2024\/05\/coral-reef-300x225.jpg 300w, https:\/\/maldives-paradise.com\/wp-content\/uploads\/2024\/05\/coral-reef-768x576.jpg 768w, https:\/\/maldives-paradise.com\/wp-content\/uploads\/2024\/05\/coral-reef-16x12.jpg 16w, https:\/\/maldives-paradise.com\/wp-content\/uploads\/2024\/05\/coral-reef-678x509.jpg 678w, https:\/\/maldives-paradise.com\/wp-content\/uploads\/2024\/05\/coral-reef-326x245.jpg 326w, https:\/\/maldives-paradise.com\/wp-content\/uploads\/2024\/05\/coral-reef-80x60.jpg 80w, https:\/\/maldives-paradise.com\/wp-content\/uploads\/2024\/05\/coral-reef-500x375.jpg 500w, https:\/\/maldives-paradise.com\/wp-content\/uploads\/2024\/05\/coral-reef.jpg 780w\" sizes=\"auto, (max-width: 780px) 100vw, 780px\" \/><figcaption id=\"caption-attachment-20305\" class=\"wp-caption-text\">R\u00e9cif de corail \u00e0 Canareef<\/figcaption><\/figure>\n<p><strong>Journ\u00e9e mondiale des r\u00e9cifs coralliens \u2013 1er juin : transplantation de coraux<\/strong><\/p>\n<p>Pour lancer la semaine, le complexe organise un \u00e9v\u00e9nement de transplantation de coraux sur la plage de Bar-Kuda le 1er juin. Cette initiative vise \u00e0 pr\u00e9server et \u00e0 restaurer les pr\u00e9cieux r\u00e9cifs coralliens, des \u00e9cosyst\u00e8mes essentiels menac\u00e9s par le changement climatique et les activit\u00e9s humaines.<\/p>\n<p><strong>Journ\u00e9e mondiale de l&#039;environnement \u2013 5 juin\u00a0: Un \u00ab\u00a0100 pour l&#039;environnement\u00a0\u00bb\u00a0! Plantation d&#039;arbres<\/strong><\/p>\n<p>Ce jour-l\u00e0, les invit\u00e9s auront l&#039;occasion de contribuer aux efforts de reforestation en participant \u00e0 la plantation de 100 arbres fruitiers et potagers \u00e0 Canareef. En plantant des arbres, ils contribuent non seulement \u00e0 att\u00e9nuer le changement climatique, mais aussi \u00e0 cr\u00e9er des habitats pour la faune locale et \u00e0 contribuer au d\u00e9veloppement durable.<\/p>\n<p><strong>Journ\u00e9e mondiale de l&#039;oc\u00e9an \u2013 7 juin : programme de sensibilisation et chasse aux nurdles<\/strong><\/p>\n<p><a href=\"http:\/\/lamp.glopss.com\/SHU2\" target=\"_blank\" rel=\"nofollow noopener\"><strong>Canareef<\/strong><\/a> L&#039;\u00e9cole proposera un programme de sensibilisation instructif \u00e0 ses visiteurs, \u00e0 son personnel et aux \u00e9l\u00e8ves d&#039;une \u00e9cole locale. L&#039;\u00e9v\u00e9nement sera anim\u00e9 par Shaziya \u00ab Shaazu \u00bb Saeed, experte reconnue en environnement et en vie marine, au Meera Conference Hall et sur la plage de Meera. La vaste exp\u00e9rience et la passion de Saazu pour la conservation marine inspireront les visiteurs, le personnel et les \u00e9l\u00e8ves \u00e0 agir pour la protection de nos oc\u00e9ans. Le programme comprendra une chasse aux algues sur la plage de Meera, soulignant l&#039;urgence de lutter contre la pollution plastique dans nos mers.<\/p>\n<p>Saazu est une professionnelle polyvalente, cumulant les fonctions de monitrice de plong\u00e9e, coach de surf, athl\u00e8te et conf\u00e9renci\u00e8re TEDx. Son engagement en faveur de la pr\u00e9servation de l&#039;environnement et de la protection marine lui a valu de nombreuses distinctions, notamment des prix pour sa contribution aux secteurs de la plong\u00e9e et du tourisme.<\/p>\n<p><strong>Journ\u00e9e mondiale du bien-\u00eatre \u2013 8 juin : Course et marche de 2 km pour la Journ\u00e9e mondiale du bien-\u00eatre<\/strong><\/p>\n<p>Canareef est convaincu que le bien-\u00eatre va au-del\u00e0 de la sant\u00e9 personnelle et englobe le bien-\u00eatre de la plan\u00e8te. Rejoignez l&#039;\u00e9quipe pour une course\/marche de 2 kilom\u00e8tres, du Meera Bar \u00e0 la plage de Bar-Kuda, promouvant une approche holistique du bien-\u00eatre et du d\u00e9veloppement durable.<\/p>\n<figure id=\"attachment_20306\" aria-describedby=\"caption-attachment-20306\" style=\"width: 780px\" class=\"wp-caption alignnone\"><img loading=\"lazy\" decoding=\"async\" class=\"wp-image-20306\" src=\"http:\/\/maldives-paradise.com\/wp-content\/uploads\/2024\/05\/canareef-beach-300x200.jpg\" alt=\"Canareef Resort Maldives\" width=\"780\" height=\"520\" srcset=\"https:\/\/maldives-paradise.com\/wp-content\/uploads\/2024\/05\/canareef-beach-300x200.jpg 300w, https:\/\/maldives-paradise.com\/wp-content\/uploads\/2024\/05\/canareef-beach-768x511.jpg 768w, https:\/\/maldives-paradise.com\/wp-content\/uploads\/2024\/05\/canareef-beach-18x12.jpg 18w, https:\/\/maldives-paradise.com\/wp-content\/uploads\/2024\/05\/canareef-beach-500x333.jpg 500w, https:\/\/maldives-paradise.com\/wp-content\/uploads\/2024\/05\/canareef-beach.jpg 780w\" sizes=\"auto, (max-width: 780px) 100vw, 780px\" \/><figcaption id=\"caption-attachment-20306\" class=\"wp-caption-text\">Canareef Resort Maldives<\/figcaption><\/figure>\n<p>Nich\u00e9 dans l&#039;atoll immacul\u00e9 d&#039;Addu, \u00e0 l&#039;extr\u00eame sud des Maldives, le Canareef Resort Maldives offre un refuge paradisiaque incomparable. Avec ses 271 spacieuses villas de plage, ses deux restaurants servant une cuisine d\u00e9licieuse et ses 25 sites de plong\u00e9e uniques regorgeant de vie marine, le Canareef promet une exp\u00e9rience inoubliable \u00e0 chaque voyageur.<\/p>\n<p>Le Canareef Resort Maldives s&#039;engage \u00e0 promouvoir une culture de gestion environnementale et de d\u00e9veloppement durable. Gr\u00e2ce \u00e0 des initiatives comme la Semaine de sensibilisation \u00e0 l&#039;environnement, le complexe s&#039;efforce d&#039;inspirer des changements positifs et d&#039;avoir un impact significatif sur le monde qui nous entoure.<\/p>\n<h3><a title=\"Canareef Resort Maldives\" href=\"http:\/\/lamp.glopss.com\/SHU2\" rel=\"nofollow\">R\u00e9servez avec la garantie du meilleur prix au Canareef Resort Maldives ici &gt;&gt;<\/a><\/h3>\n\n\n<p>Plus \u00e0 propos <a href=\"http:\/\/maldives-paradise.com\/fr\/canareef-resort-aux-maldives\/\" title=\"\">Canareef Resort Maldives<\/a><\/p>","protected":false},"excerpt":{"rendered":"<div class=\"mh-excerpt\">In a world where environmental issues are at the forefront of global concern, Canareef Resort Maldives stands as a beacon of environmental responsibility and sustainability. As part of ongoing commitment to protecting the planet, Canareef <a class=\"mh-excerpt-more\" href=\"http:\/\/maldives-paradise.com\/fr\/2024\/05\/canareef-resort-maldives-celebre-la-semaine-de-sensibilisation-a-lenvironnement\/\" title=\"Canareef Resort Maldives to celebrate Environmental Awareness Week in June\">[&#8230;]<\/a><\/div>\n","protected":false},"author":1,"featured_media":16391,"comment_status":"close","ping_status":"open","sticky":false,"template":"","format":"standard","meta":{"footnotes":""},"categories":[150],"tags":[201,875,197,278,500],"class_list":{"0":"post-16389","1":"post","2":"type-post","3":"status-publish","4":"format-standard","5":"has-post-thumbnail","7":"category-5-star-hotels-resorts","8":"tag-canareef-resort-maldives","9":"tag-coral-transplanting","10":"tag-maldives-5-star-resort","11":"tag-sustainability-maldives","12":"tag-wellness-maldives"},"aioseo_notices":[],"_links":{"self":[{"href":"http:\/\/maldives-paradise.com\/fr\/wp-json\/wp\/v2\/posts\/16389","targetHints":{"allow":["GET"]}}],"collection":[{"href":"http:\/\/maldives-paradise.com\/fr\/wp-json\/wp\/v2\/posts"}],"about":[{"href":"http:\/\/maldives-paradise.com\/fr\/wp-json\/wp\/v2\/types\/post"}],"author":[{"embeddable":true,"href":"http:\/\/maldives-paradise.com\/fr\/wp-json\/wp\/v2\/users\/1"}],"replies":[{"embeddable":true,"href":"http:\/\/maldives-paradise.com\/fr\/wp-json\/wp\/v2\/comments?post=16389"}],"version-history":[{"count":5,"href":"http:\/\/maldives-paradise.com\/fr\/wp-json\/wp\/v2\/posts\/16389\/revisions"}],"predecessor-version":[{"id":20309,"href":"http:\/\/maldives-paradise.com\/fr\/wp-json\/wp\/v2\/posts\/16389\/revisions\/20309"}],"wp:featuredmedia":[{"embeddable":true,"href":"http:\/\/maldives-paradise.com\/fr\/wp-json\/wp\/v2\/media\/16391"}],"wp:attachment":[{"href":"http:\/\/maldives-paradise.com\/fr\/wp-json\/wp\/v2\/media?parent=16389"}],"wp:term":[{"taxonomy":"category","embeddable":true,"href":"http:\/\/maldives-paradise.com\/fr\/wp-json\/wp\/v2\/categories?post=16389"},{"taxonomy":"post_tag","embeddable":true,"href":"http:\/\/maldives-paradise.com\/fr\/wp-json\/wp\/v2\/tags?post=16389"}],"curies":[{"name":"wp","href":"https:\/\/api.w.org\/{rel}","templated":true}]}}