{"id":18289,"date":"2024-06-29T06:08:15","date_gmt":"2024-06-29T06:08:15","guid":{"rendered":"http:\/\/maldives-paradise.com\/?p=18289"},"modified":"2024-08-10T07:20:46","modified_gmt":"2024-08-10T07:20:46","slug":"celebrando-el-dia-internacional-del-yoga-en-kuramathi-maldivas","status":"publish","type":"post","link":"http:\/\/maldives-paradise.com\/es\/2024\/06\/celebrando-el-dia-internacional-del-yoga-en-kuramathi-maldivas\/","title":{"rendered":"Celebrando el D\u00eda Internacional del Yoga en Kuramathi Maldives"},"content":{"rendered":"<p>El 21 de junio de 2024, <a href=\"https:\/\/lamp.glopss.com\/SHUe\" target=\"_blank\" rel=\"nofollow noopener\">Complejo tur\u00edstico en la isla Kuramathi<\/a> Abraz\u00f3 el esp\u00edritu del D\u00eda Internacional del Yoga con una amplia gama de actividades que atendieron a todas las edades e intereses. Desde el amanecer hasta el atardecer, los invitados se sumergieron en diversas disciplinas de yoga y pr\u00e1cticas de mindfulness, mejorando tanto la vitalidad f\u00edsica como la paz interior.<\/p>\n<figure id=\"attachment_21811\" aria-describedby=\"caption-attachment-21811\" style=\"width: 780px\" class=\"wp-caption alignnone\"><img loading=\"lazy\" decoding=\"async\" class=\"wp-image-21811\" src=\"http:\/\/maldives-paradise.com\/wp-content\/uploads\/2024\/06\/kuramathii3-300x200.jpg\" alt=\"Kuramathi Maldivas\" width=\"780\" height=\"520\" srcset=\"https:\/\/maldives-paradise.com\/wp-content\/uploads\/2024\/06\/kuramathii3-300x200.jpg 300w, https:\/\/maldives-paradise.com\/wp-content\/uploads\/2024\/06\/kuramathii3-768x511.jpg 768w, https:\/\/maldives-paradise.com\/wp-content\/uploads\/2024\/06\/kuramathii3-18x12.jpg 18w, https:\/\/maldives-paradise.com\/wp-content\/uploads\/2024\/06\/kuramathii3-500x333.jpg 500w, https:\/\/maldives-paradise.com\/wp-content\/uploads\/2024\/06\/kuramathii3.jpg 780w\" sizes=\"auto, (max-width: 780px) 100vw, 780px\" \/><figcaption id=\"caption-attachment-21811\" class=\"wp-caption-text\">Kuramathi Maldivas<\/figcaption><\/figure>\n<p>El d\u00eda comenz\u00f3 energ\u00e9ticamente con sesiones de Hatha, Vinyasa, Ashtanga y Yoga Din\u00e1mico en el Yoga Pavillion de 7:00 a. m. a 8:00 a. m., donde los participantes conectaron la respiraci\u00f3n con el movimiento. Para los invitados m\u00e1s j\u00f3venes, la ma\u00f1ana continu\u00f3 con una sesi\u00f3n de yoga para ni\u00f1os especialmente dise\u00f1ada en el Yoga Pavilion de 11:00 a. m. a 11:30 a. m. Dirigidos por un instructor experimentado, los j\u00f3venes yoguis exploraron el yoga a trav\u00e9s de posturas interactivas inspiradas en animales, fomentando la concentraci\u00f3n, la autoconciencia y la regulaci\u00f3n emocional.<\/p>\n<p>A medida que avanzaba el d\u00eda, los invitados se reunieron en el banco de arena para practicar pranayama y meditaci\u00f3n de 5:00 p. m. a 6:00 p. m., donde el entorno tranquilo complement\u00f3 la pr\u00e1ctica de la respiraci\u00f3n profunda y la atenci\u00f3n plena. Aqu\u00ed, en medio de la belleza natural de Kuramathi, los participantes encontraron momentos de tranquilidad e introspecci\u00f3n, concluyendo el d\u00eda con una nota serena.<\/p>\n<figure id=\"attachment_10775\" aria-describedby=\"caption-attachment-10775\" style=\"width: 761px\" class=\"wp-caption alignnone\"><img loading=\"lazy\" decoding=\"async\" class=\"wp-image-10775\" src=\"http:\/\/maldives-paradise.com\/wp-content\/uploads\/2024\/02\/kuramathi-island-1024x768-1-300x225.jpg\" alt=\"Isla Kuramathi\" width=\"761\" height=\"571\" srcset=\"https:\/\/maldives-paradise.com\/wp-content\/uploads\/2024\/02\/kuramathi-island-1024x768-1-300x225.jpg 300w, https:\/\/maldives-paradise.com\/wp-content\/uploads\/2024\/02\/kuramathi-island-1024x768-1-768x576.jpg 768w, https:\/\/maldives-paradise.com\/wp-content\/uploads\/2024\/02\/kuramathi-island-1024x768-1-16x12.jpg 16w, https:\/\/maldives-paradise.com\/wp-content\/uploads\/2024\/02\/kuramathi-island-1024x768-1-678x509.jpg 678w, https:\/\/maldives-paradise.com\/wp-content\/uploads\/2024\/02\/kuramathi-island-1024x768-1-326x245.jpg 326w, https:\/\/maldives-paradise.com\/wp-content\/uploads\/2024\/02\/kuramathi-island-1024x768-1-80x60.jpg 80w, https:\/\/maldives-paradise.com\/wp-content\/uploads\/2024\/02\/kuramathi-island-1024x768-1-500x375.jpg 500w, https:\/\/maldives-paradise.com\/wp-content\/uploads\/2024\/02\/kuramathi-island-1024x768-1-800x600.jpg 800w, https:\/\/maldives-paradise.com\/wp-content\/uploads\/2024\/02\/kuramathi-island-1024x768-1.jpg 1024w\" sizes=\"auto, (max-width: 761px) 100vw, 761px\" \/><figcaption id=\"caption-attachment-10775\" class=\"wp-caption-text\">Complejo tur\u00edstico en la isla Kuramathi<\/figcaption><\/figure>\n<p>A lo largo de la celebraci\u00f3n, los ni\u00f1os tambi\u00e9n participaron en actividades creativas en Bageecha Kids Club, como Yoga Freeze Dance, Yoga Art y actividades de playa integradas con juegos de yoga. Estas iniciativas no s\u00f3lo promovieron la actividad f\u00edsica y el trabajo en equipo, sino que tambi\u00e9n fomentaron la creatividad y una conexi\u00f3n m\u00e1s profunda con el yoga m\u00e1s all\u00e1 del tapete.<\/p>\n<p>El D\u00eda Internacional del Yoga en Kuramathi no fue solo una serie de eventos sino una experiencia hol\u00edstica que alent\u00f3 a los invitados de todas las edades a explorar los beneficios transformadores del yoga, fomentando el bienestar en mente, cuerpo y esp\u00edritu en medio del impresionante tel\u00f3n de fondo de las Maldivas.<\/p>\n<h3><a title=\"Complejo tur\u00edstico en la isla Kuramathi\" href=\"https:\/\/lamp.glopss.com\/SHUe\" rel=\"nofollow\">Reserva con el mejor precio en Kuramathi Island Resort aqu\u00ed &gt;&gt;<\/a><\/h3>\n<p>M\u00e1s informaci\u00f3n sobre <a href=\"https:\/\/maldives-paradise.com\/es\/complejo-turistico-de-la-isla-kuramathi\/\">Complejo tur\u00edstico de la isla Kuramathi<\/a> En las Maldivas<\/p>","protected":false},"excerpt":{"rendered":"<div class=\"mh-excerpt\">On June 21st, 2024, Kuramathi Island Resort embraced the spirit of International Yoga Day with a diverse array of activities that catered to all ages and interests. From sunrise to sunset, guests immersed themselves in <a class=\"mh-excerpt-more\" href=\"http:\/\/maldives-paradise.com\/es\/2024\/06\/celebrando-el-dia-internacional-del-yoga-en-kuramathi-maldivas\/\" title=\"Celebrating International Yoga Day at Kuramathi Maldives\">[&#8230;]<\/a><\/div>\n","protected":false},"author":1,"featured_media":18291,"comment_status":"close","ping_status":"open","sticky":false,"template":"","format":"standard","meta":{"footnotes":""},"categories":[150],"tags":[953,214,197,500,253],"class_list":{"0":"post-18289","1":"post","2":"type-post","3":"status-publish","4":"format-standard","5":"has-post-thumbnail","7":"category-5-star-hotels-resorts","8":"tag-international-day-of-yoga-in-maldives","9":"tag-kuramathi-maldives","10":"tag-maldives-5-star-resort","11":"tag-wellness-maldives","12":"tag-yoga-maldives"},"aioseo_notices":[],"_links":{"self":[{"href":"http:\/\/maldives-paradise.com\/es\/wp-json\/wp\/v2\/posts\/18289","targetHints":{"allow":["GET"]}}],"collection":[{"href":"http:\/\/maldives-paradise.com\/es\/wp-json\/wp\/v2\/posts"}],"about":[{"href":"http:\/\/maldives-paradise.com\/es\/wp-json\/wp\/v2\/types\/post"}],"author":[{"embeddable":true,"href":"http:\/\/maldives-paradise.com\/es\/wp-json\/wp\/v2\/users\/1"}],"replies":[{"embeddable":true,"href":"http:\/\/maldives-paradise.com\/es\/wp-json\/wp\/v2\/comments?post=18289"}],"version-history":[{"count":5,"href":"http:\/\/maldives-paradise.com\/es\/wp-json\/wp\/v2\/posts\/18289\/revisions"}],"predecessor-version":[{"id":21812,"href":"http:\/\/maldives-paradise.com\/es\/wp-json\/wp\/v2\/posts\/18289\/revisions\/21812"}],"wp:featuredmedia":[{"embeddable":true,"href":"http:\/\/maldives-paradise.com\/es\/wp-json\/wp\/v2\/media\/18291"}],"wp:attachment":[{"href":"http:\/\/maldives-paradise.com\/es\/wp-json\/wp\/v2\/media?parent=18289"}],"wp:term":[{"taxonomy":"category","embeddable":true,"href":"http:\/\/maldives-paradise.com\/es\/wp-json\/wp\/v2\/categories?post=18289"},{"taxonomy":"post_tag","embeddable":true,"href":"http:\/\/maldives-paradise.com\/es\/wp-json\/wp\/v2\/tags?post=18289"}],"curies":[{"name":"gracias","href":"https:\/\/api.w.org\/{rel}","templated":true}]}}